{"id":100376,"date":"2022-03-11T10:31:02","date_gmt":"2022-03-11T09:31:02","guid":{"rendered":"http:\/\/www.messinaoggi.it\/website\/?p=100376"},"modified":"2022-03-11T10:31:03","modified_gmt":"2022-03-11T09:31:03","slug":"cantieri-di-servizio-gioveni-ancora-mancano-i-decreti-di-finanziamento","status":"publish","type":"post","link":"https:\/\/www.messinaoggi.it\/website\/2022\/03\/11\/cantieri-di-servizio-gioveni-ancora-mancano-i-decreti-di-finanziamento\/","title":{"rendered":"Cantieri di servizio, Gioveni: \u201cAncora mancano i decreti di finanziamento\u201d"},"content":{"rendered":"\n<p>\u201cRingrazio il Dirigente del Dipartimento servizi alla persona Salvatore De Francesco per la risposta alla mia ultima interrogazione sui cantieri di servizio, perch\u00e9 mi ha dato conferma che l\u2019annuncio dato dall\u2019Amministrazione dimissionaria prima di Natale, \u00e8 stato solo uno dei tanti fatti ad effetto per l\u2019avvio della loro campagna elettorale!\u201d. Con queste parole il consigliere comunale e capogruppo di Fratelli d\u2019Italia Libero Gioveni, pur avendo la certezza che il Piano di riparto delle somme relative al finanziamento dei 34 cantieri di servizio di Messina siano stati approvati dalla Regione, ha avuto conferma ufficiale con la nota prot. 55582 del 25\/02\/2022 che ancora non sono stati emessi i relativi decreti di finanziamento che per la nostra citt\u00e0 ammonta a 938.416,37 euro.<div id=\"div-gpt-ad-Messinaoggi.it-DSK-300x250-corpoart\" style=\"text-align:center;margin:0 auto;\"><\/div><\/p>\n\n\n\n<p>\u201cDispiace a tal riguardo \u2013 commenta Gioveni \u2013 che in quell\u2019occasione sia stato promesso ai circa 500 lavoratori degli ultimi cantieri che gi\u00e0 subito dopo le festivit\u00e0 natalizie sarebbero stati convocati a Palazzo Satellite per la disponibilit\u00e0 all\u2019avvio delle attivit\u00e0 che poi sarebbero dovute iniziare gi\u00e0 a fine gennaio!<div id=\"videoincontent\" style=\"clear:both\";><\/div><\/p>\n\n\n\n<p>\u201cCos\u00ec non \u00e8 avvenuto e a questo punto, gi\u00e0 a marzo inoltrato, non si sa ancora quando questo avverr\u00e0 con l\u2019immaginabile delusione da parte degli aventi diritto che avevano visto una piccola luce in fondo al tunnel in cui adesso si ritrovano per la loro perenne condizione di disoccupati!<\/p>\n\n\n\n<p>\u201cE c\u2019\u00e8 di pi\u00f9 \u2013 incalza l\u2019esponente di FdI. L\u2019altro Dipartimento coinvolto nella vicenda dei cantieri di servizio, ossia quello dei servizi tecnici, non sembra abbia ancora provveduto a nominare i vari RUP e responsabili di cantiere, altro atto necessario questo per rendere i cantieri concreti e operativi\u201d.<\/p>\n","protected":false},"excerpt":{"rendered":"<p>\u201cRingrazio il Dirigente del Dipartimento servizi alla persona Salvatore De Francesco per la risposta alla mia ultima interrogazione sui cantieri di servizio, perch\u00e9 mi ha dato conferma che l\u2019annuncio dato dall\u2019Amministrazione dimissionaria prima di Natale, \u00e8 stato solo uno dei tanti fatti ad effetto per l\u2019avvio della loro campagna elettorale!\u201d. Con queste parole il consigliere [&hellip;]<\/p>\n","protected":false},"author":8,"featured_media":14922,"comment_status":"open","ping_status":"open","sticky":false,"template":"","format":"standard","meta":{"ub_ctt_via":"","_mi_skip_tracking":false},"categories":[4],"tags":[4130],"featured_image_src":"https:\/\/www.messinaoggi.it\/website\/wp-content\/uploads\/2018\/01\/cantieri-1.jpg","author_info":{"display_name":"red..me","author_link":"https:\/\/www.messinaoggi.it\/website\/author\/redstage\/"},"digistream_id":0,"digistream":false,"_links":{"self":[{"href":"https:\/\/www.messinaoggi.it\/website\/wp-json\/wp\/v2\/posts\/100376"}],"collection":[{"href":"https:\/\/www.messinaoggi.it\/website\/wp-json\/wp\/v2\/posts"}],"about":[{"href":"https:\/\/www.messinaoggi.it\/website\/wp-json\/wp\/v2\/types\/post"}],"author":[{"embeddable":true,"href":"https:\/\/www.messinaoggi.it\/website\/wp-json\/wp\/v2\/users\/8"}],"replies":[{"embeddable":true,"href":"https:\/\/www.messinaoggi.it\/website\/wp-json\/wp\/v2\/comments?post=100376"}],"version-history":[{"count":1,"href":"https:\/\/www.messinaoggi.it\/website\/wp-json\/wp\/v2\/posts\/100376\/revisions"}],"predecessor-version":[{"id":100377,"href":"https:\/\/www.messinaoggi.it\/website\/wp-json\/wp\/v2\/posts\/100376\/revisions\/100377"}],"wp:featuredmedia":[{"embeddable":true,"href":"https:\/\/www.messinaoggi.it\/website\/wp-json\/wp\/v2\/media\/14922"}],"wp:attachment":[{"href":"https:\/\/www.messinaoggi.it\/website\/wp-json\/wp\/v2\/media?parent=100376"}],"wp:term":[{"taxonomy":"category","embeddable":true,"href":"https:\/\/www.messinaoggi.it\/website\/wp-json\/wp\/v2\/categories?post=100376"},{"taxonomy":"post_tag","embeddable":true,"href":"https:\/\/www.messinaoggi.it\/website\/wp-json\/wp\/v2\/tags?post=100376"}],"curies":[{"name":"wp","href":"https:\/\/api.w.org\/{rel}","templated":true}]}}