{"id":100357,"date":"2022-03-11T09:02:32","date_gmt":"2022-03-11T08:02:32","guid":{"rendered":"http:\/\/www.messinaoggi.it\/website\/?p=100357"},"modified":"2022-03-11T09:02:37","modified_gmt":"2022-03-11T08:02:37","slug":"amata-fdi-a-gamba-tesa-su-maurizio-croce","status":"publish","type":"post","link":"https:\/\/www.messinaoggi.it\/website\/2022\/03\/11\/amata-fdi-a-gamba-tesa-su-maurizio-croce\/","title":{"rendered":"Amata (FdI) a gamba tesa su Maurizio Croce"},"content":{"rendered":"\n<p>Elvira Amata, commissario provinciale di FdI, entra a gamba tesa sulla scelta del candidato sindaco della coalizione di centro-destra. Non lo dice chiaramente, ma sul nome di Maurizio Croce, benedetto da Gianfranco Miccich\u00e8, non va gi\u00f9 alla Amata.<div id=\"div-gpt-ad-Messinaoggi.it-DSK-300x250-corpoart\" style=\"text-align:center;margin:0 auto;\"><\/div><\/p>\n\n\n\n<p>\u201cQuasi un mese fa, dopo le dimissioni del sindaco De Luca, ho fatto appello a tutte le forze politiche che sostengono la coalizione di centrodestra di condividere un percorso volto all\u2019elaborazione di un programma e alla individuazione del candidato sindaco di Messina, richiamando il centrodestra al dovere della lealt\u00e0 nell\u2019unit\u00e0\u201d. Lo dice Elvira Amata, capogruppo Fdi all\u2019Ars e commissario provinciale di Fratelli d\u2019Italia, dopo le notizie secondo cui ci sarebbe una candidatura di Maurizio Croce. \u201cL\u2019unit\u00e0 del centrodestra che apre a movimenti ed associazioni che possono condividere con noi un progetto politico \u2013 aggiunge Amata &#8211; deve essere la bussola per orientare le scelte e la chiave della vittoria di una coalizione che soltanto se divisa oggi pu\u00f2 perdere. Queste fughe in avanti, con nomi buttati sul tappeto dal maggiorente di turno, non aiutano a fare sintesi ma servono solo a fare confusione e ad agevolare gli avversari. Ribadisco \u2013 conclude Amata \u2013 la necessit\u00e0 di un vertice di centrodestra che, senza pregiudizi, possa avviare un confronto sereno per individuare il miglior candidato da sostenere e che possa essere rappresentativo di una citt\u00e0 che ha bisogno di riacquisire seriet\u00e0 e serenit\u00e0\u201d.<div id=\"videoincontent\" style=\"clear:both\";><\/div><\/p>\n","protected":false},"excerpt":{"rendered":"<p>Elvira Amata, commissario provinciale di FdI, entra a gamba tesa sulla scelta del candidato sindaco della coalizione di centro-destra. Non lo dice chiaramente, ma sul nome di Maurizio Croce, benedetto da Gianfranco Miccich\u00e8, non va gi\u00f9 alla Amata. \u201cQuasi un mese fa, dopo le dimissioni del sindaco De Luca, ho fatto appello a tutte le [&hellip;]<\/p>\n","protected":false},"author":2,"featured_media":78478,"comment_status":"open","ping_status":"open","sticky":false,"template":"","format":"standard","meta":{"ub_ctt_via":"","_mi_skip_tracking":false},"categories":[5],"tags":[2426,3070,655,3617],"featured_image_src":"https:\/\/www.messinaoggi.it\/website\/wp-content\/uploads\/2021\/09\/elvira-amata-2.jpg","author_info":{"display_name":"Redazione","author_link":"https:\/\/www.messinaoggi.it\/website\/author\/redazione\/"},"digistream_id":0,"digistream":false,"_links":{"self":[{"href":"https:\/\/www.messinaoggi.it\/website\/wp-json\/wp\/v2\/posts\/100357"}],"collection":[{"href":"https:\/\/www.messinaoggi.it\/website\/wp-json\/wp\/v2\/posts"}],"about":[{"href":"https:\/\/www.messinaoggi.it\/website\/wp-json\/wp\/v2\/types\/post"}],"author":[{"embeddable":true,"href":"https:\/\/www.messinaoggi.it\/website\/wp-json\/wp\/v2\/users\/2"}],"replies":[{"embeddable":true,"href":"https:\/\/www.messinaoggi.it\/website\/wp-json\/wp\/v2\/comments?post=100357"}],"version-history":[{"count":1,"href":"https:\/\/www.messinaoggi.it\/website\/wp-json\/wp\/v2\/posts\/100357\/revisions"}],"predecessor-version":[{"id":100358,"href":"https:\/\/www.messinaoggi.it\/website\/wp-json\/wp\/v2\/posts\/100357\/revisions\/100358"}],"wp:featuredmedia":[{"embeddable":true,"href":"https:\/\/www.messinaoggi.it\/website\/wp-json\/wp\/v2\/media\/78478"}],"wp:attachment":[{"href":"https:\/\/www.messinaoggi.it\/website\/wp-json\/wp\/v2\/media?parent=100357"}],"wp:term":[{"taxonomy":"category","embeddable":true,"href":"https:\/\/www.messinaoggi.it\/website\/wp-json\/wp\/v2\/categories?post=100357"},{"taxonomy":"post_tag","embeddable":true,"href":"https:\/\/www.messinaoggi.it\/website\/wp-json\/wp\/v2\/tags?post=100357"}],"curies":[{"name":"wp","href":"https:\/\/api.w.org\/{rel}","templated":true}]}}