{"id":10032,"date":"2017-10-21T08:33:24","date_gmt":"2017-10-21T06:33:24","guid":{"rendered":"http:\/\/www.messinaoggi.it\/website\/?p=10032"},"modified":"2017-10-21T08:33:24","modified_gmt":"2017-10-21T06:33:24","slug":"eccellenza-oggi-a-mili-citta-di-messina-atletico-catania","status":"publish","type":"post","link":"https:\/\/www.messinaoggi.it\/website\/2017\/10\/21\/eccellenza-oggi-a-mili-citta-di-messina-atletico-catania\/","title":{"rendered":"Eccellenza, oggi a Mili Citt\u00e0 di Messina-Atletico Catania"},"content":{"rendered":"<p style=\"text-align: justify\"><span style=\"font-family: 'arial' , 'helvetica' , sans-serif\">Secondo turno casalingo\u00a0consecutivo\u00a0per il Citt\u00e0 di Messina che\u00a0oggi pomeriggio\u00a0ospiter\u00e0 al Garden Sport (ore 15.30) l\u2019Atletico Catania per il\u00a07\u00b0turno del girone B\u00a0Eccellenza.\u00a0 I giallorossi, reduci da tre vittorie consecutive, puntano a rimanere nelle alte sfere\u00a0della classifica,\u00a0ma sono consci di affrontare\u00a0un&#8217;antagonista che,\u00a0trascinata dall&#8217;ex\u00a0Messina Giorgio Corona,\u00a0vuol cancellare lo zero nella casella dei punti esterni.<\/span><div id=\"div-gpt-ad-Messinaoggi.it-DSK-300x250-corpoart\" style=\"text-align:center;margin:0 auto;\"><\/div><\/p>\n<div style=\"text-align: justify\"><span style=\"font-family: 'arial' , 'helvetica' , sans-serif\">Ieri\u00a0pomeriggio\u00a0seduta di rifinitura sul sintetico di Mili Marina: non sar\u00e0 della gara il veterano Cardia, bloccato per due turni dal giudice sportivo dopo il fallo di reazione commesso la scorsa settimana durante la gara con il Patern\u00f2. Fuori anche Silvestri ancora alle prese con un infortunio muscolare, cos\u00ec come Mastroieni che gode di un permesso concesso dalla societ\u00e0.<\/span><\/div>\n<div style=\"text-align: justify\"><span style=\"font-family: 'arial' , 'helvetica' , sans-serif\">Di seguito la lista dei 22 convocati:<\/span><\/div>\n<div style=\"text-align: justify\"><span style=\"font-family: 'arial' , 'helvetica' , sans-serif\"><strong>Portieri<\/strong>:\u00a0 Paterniti, A. Maisano<\/span><\/div>\n<div style=\"text-align: justify\"><span style=\"font-family: 'arial' , 'helvetica' , sans-serif\"><strong>Difensori<\/strong>: Fragapane, Bombara, S. Leo,\u00a0 Filistad, Tiano, Porcino, La Rosa<\/span><\/div>\n<div style=\"text-align: justify\"><span style=\"font-family: 'arial' , 'helvetica' , sans-serif\"><strong>Centrocampisti<\/strong>: Calcagno, De Luca, Ginag\u00f2, Di Stefano,\u00a0 Quintoni, Alessandro, Costa<\/span><\/div>\n<div style=\"text-align: justify\"><span style=\"font-family: 'arial' , 'helvetica' , sans-serif\"><strong>Attaccanti<\/strong>: Genovese,\u00a0 Ras\u00e0, Codagnone, Di Vincenzo, Davide Leo, Franco La Corte<\/span><\/div>\n<div style=\"text-align: justify\"><span style=\"font-family: 'arial' , 'helvetica' , sans-serif\">Citt\u00e0 di Messina-Atletico Catania\u00a0sar\u00e0 arbitrata da\u00a0Simone Battiato della sezione arbitrale di\u00a0Genova. Assistenti Massimo Falzone e Mario Grasso, entrambi di Acireale<\/span><\/div>\n<p> <div id=\"videoincontent\" style=\"clear:both\";><\/div><\/p>\n","protected":false},"excerpt":{"rendered":"<p>Secondo turno casalingo\u00a0consecutivo\u00a0per il Citt\u00e0 di Messina che\u00a0oggi pomeriggio\u00a0ospiter\u00e0 al Garden Sport (ore 15.30) l\u2019Atletico Catania per il\u00a07\u00b0turno del girone B\u00a0Eccellenza.\u00a0 I giallorossi, reduci da tre vittorie consecutive, puntano a rimanere nelle alte sfere\u00a0della classifica,\u00a0ma sono consci di affrontare\u00a0un&#8217;antagonista che,\u00a0trascinata dall&#8217;ex\u00a0Messina Giorgio Corona,\u00a0vuol cancellare lo zero nella casella dei punti esterni. Ieri\u00a0pomeriggio\u00a0seduta di rifinitura sul [&hellip;]<\/p>\n","protected":false},"author":9,"featured_media":5449,"comment_status":"closed","ping_status":"open","sticky":false,"template":"","format":"standard","meta":{"ub_ctt_via":"","_mi_skip_tracking":false},"categories":[10,9],"tags":[],"featured_image_src":"https:\/\/www.messinaoggi.it\/website\/wp-content\/uploads\/2017\/07\/Logo20Citta20di20Messina-2.jpg","author_info":{"display_name":"Roberto Santoro","author_link":"https:\/\/www.messinaoggi.it\/website\/author\/r-santoro\/"},"digistream_id":0,"digistream":false,"_links":{"self":[{"href":"https:\/\/www.messinaoggi.it\/website\/wp-json\/wp\/v2\/posts\/10032"}],"collection":[{"href":"https:\/\/www.messinaoggi.it\/website\/wp-json\/wp\/v2\/posts"}],"about":[{"href":"https:\/\/www.messinaoggi.it\/website\/wp-json\/wp\/v2\/types\/post"}],"author":[{"embeddable":true,"href":"https:\/\/www.messinaoggi.it\/website\/wp-json\/wp\/v2\/users\/9"}],"replies":[{"embeddable":true,"href":"https:\/\/www.messinaoggi.it\/website\/wp-json\/wp\/v2\/comments?post=10032"}],"version-history":[{"count":0,"href":"https:\/\/www.messinaoggi.it\/website\/wp-json\/wp\/v2\/posts\/10032\/revisions"}],"wp:featuredmedia":[{"embeddable":true,"href":"https:\/\/www.messinaoggi.it\/website\/wp-json\/wp\/v2\/media\/5449"}],"wp:attachment":[{"href":"https:\/\/www.messinaoggi.it\/website\/wp-json\/wp\/v2\/media?parent=10032"}],"wp:term":[{"taxonomy":"category","embeddable":true,"href":"https:\/\/www.messinaoggi.it\/website\/wp-json\/wp\/v2\/categories?post=10032"},{"taxonomy":"post_tag","embeddable":true,"href":"https:\/\/www.messinaoggi.it\/website\/wp-json\/wp\/v2\/tags?post=10032"}],"curies":[{"name":"wp","href":"https:\/\/api.w.org\/{rel}","templated":true}]}}