{"id":10021,"date":"2017-10-20T16:34:28","date_gmt":"2017-10-20T14:34:28","guid":{"rendered":"http:\/\/www.messinaoggi.it\/website\/?p=10021"},"modified":"2017-10-20T16:34:28","modified_gmt":"2017-10-20T14:34:28","slug":"abitare-a-stento-bouganville-occupata-bilancio-il-22-politiche-dal-basso-processano","status":"publish","type":"post","link":"https:\/\/www.messinaoggi.it\/website\/2017\/10\/20\/abitare-a-stento-bouganville-occupata-bilancio-il-22-politiche-dal-basso-processano\/","title":{"rendered":"Abitare a stento, Bouganville Occupata: Bilancio il 22. Politiche dal Basso processano"},"content":{"rendered":"<p style=\"text-align: justify\">Nel mezzo di un silenzio mortificante ed assordante delle istituzioni, la &#8220;Bouganville Occupata&#8221; intende aprire un dibattito pubblico sulle Politiche Abitative, all&#8217;interno dell&#8217;edificio ex Anffas, salita &#8220;Casa Nostra&#8221; sul Viale Giostra\/Ritiro, in cui si sono insediati diversi nuclei familiari con bambini. Ad organizzare il Fronte Popolare Autorganizzato &#8211; S\u00ec Cobas con la portavoce Valentina Roberto e il Comitato Bouganville Occupante con la testimonianza di qualcuno che lo rappresenta.<div id=\"div-gpt-ad-Messinaoggi.it-DSK-300x250-corpoart\" style=\"text-align:center;margin:0 auto;\"><\/div><\/p>\n<p style=\"text-align: justify\">Facendo un breve bilancio su quanto le politiche abitative dal Basso, abbiano prodotto, diremmo che tanto \u00e8 stato disatteso.<br \/>\nProposte, soluzioni, progetti, richieste di dialogo\u2026da parte nostra.<br \/>\nLa causa \u00e8 delle burocrazie amministrative? Oppure, a mancare \u00e8 proprio la volont\u00e0 politica?<br \/>\nQuanto \u00e8 stato fatto? E quanto si potrebbe ancora realizzare?<br \/>\nFino ad ora, l\u2019Assessorato alle Politiche per la Casa si \u00e8 sottratto ad ogni confronto costruttivo, rimanendo impassibile davanti l\u2019emergenza, ma con un atteggiamento processuale e repressivo, nei confronti di chi si \u00e8 sentito legittimato ad autorganizzarsi a causa delle risposte non date dagli Enti preposti.<br \/>\nNe discutiamo domenica 22 ottobre alle ore 16.30, alla Bouganville Occupata, dove si terr\u00e0 una conferenza aperta alla cittadinanza, sulle Politiche Abitative.<br \/>\nUn passo indietro neanche per prendere la rincorsa\u2026<div id=\"videoincontent\" style=\"clear:both\";><\/div><\/p>\n<p style=\"text-align: justify\">A seguire\u2026APERITIVO offerto dalle famiglie occupanti della Bouganville.<\/p>\n","protected":false},"excerpt":{"rendered":"<p>Nel mezzo di un silenzio mortificante ed assordante delle istituzioni, la &#8220;Bouganville Occupata&#8221; intende aprire un dibattito pubblico sulle Politiche Abitative, all&#8217;interno dell&#8217;edificio ex Anffas, salita &#8220;Casa Nostra&#8221; sul Viale Giostra\/Ritiro, in cui si sono insediati diversi nuclei familiari con bambini. Ad organizzare il Fronte Popolare Autorganizzato &#8211; S\u00ec Cobas con la portavoce Valentina Roberto [&hellip;]<\/p>\n","protected":false},"author":7,"featured_media":2894,"comment_status":"closed","ping_status":"open","sticky":false,"template":"","format":"standard","meta":{"ub_ctt_via":"","_mi_skip_tracking":false},"categories":[5],"tags":[],"featured_image_src":"https:\/\/www.messinaoggi.it\/website\/wp-content\/uploads\/2017\/06\/protesta-emergenza-abitativa-fronte-popolare-messinaoggi-2.jpg","author_info":{"display_name":"Redazione1","author_link":"https:\/\/www.messinaoggi.it\/website\/author\/redazione1\/"},"digistream_id":0,"digistream":false,"_links":{"self":[{"href":"https:\/\/www.messinaoggi.it\/website\/wp-json\/wp\/v2\/posts\/10021"}],"collection":[{"href":"https:\/\/www.messinaoggi.it\/website\/wp-json\/wp\/v2\/posts"}],"about":[{"href":"https:\/\/www.messinaoggi.it\/website\/wp-json\/wp\/v2\/types\/post"}],"author":[{"embeddable":true,"href":"https:\/\/www.messinaoggi.it\/website\/wp-json\/wp\/v2\/users\/7"}],"replies":[{"embeddable":true,"href":"https:\/\/www.messinaoggi.it\/website\/wp-json\/wp\/v2\/comments?post=10021"}],"version-history":[{"count":0,"href":"https:\/\/www.messinaoggi.it\/website\/wp-json\/wp\/v2\/posts\/10021\/revisions"}],"wp:featuredmedia":[{"embeddable":true,"href":"https:\/\/www.messinaoggi.it\/website\/wp-json\/wp\/v2\/media\/2894"}],"wp:attachment":[{"href":"https:\/\/www.messinaoggi.it\/website\/wp-json\/wp\/v2\/media?parent=10021"}],"wp:term":[{"taxonomy":"category","embeddable":true,"href":"https:\/\/www.messinaoggi.it\/website\/wp-json\/wp\/v2\/categories?post=10021"},{"taxonomy":"post_tag","embeddable":true,"href":"https:\/\/www.messinaoggi.it\/website\/wp-json\/wp\/v2\/tags?post=10021"}],"curies":[{"name":"wp","href":"https:\/\/api.w.org\/{rel}","templated":true}]}}